{"id":5048,"date":"2026-03-09T14:17:01","date_gmt":"2026-03-09T13:17:01","guid":{"rendered":"https:\/\/marroquinabogados.com\/?p=5048"},"modified":"2026-03-09T20:14:03","modified_gmt":"2026-03-09T19:14:03","slug":"nous-criteris-del-tribunal-suprem-en-exoneracio-de-passiu-insatisfet-de-persones-fisiques-credit-public-relacio-de-deutes-i-derivacio-de-responsabilitat-com-a-causa-de-no-exoneracio","status":"publish","type":"post","link":"https:\/\/marroquinabogados.com\/ca\/nous-criteris-del-tribunal-suprem-en-exoneracio-de-passiu-insatisfet-de-persones-fisiques-credit-public-relacio-de-deutes-i-derivacio-de-responsabilitat-com-a-causa-de-no-exoneracio\/","title":{"rendered":"Nous criteris del Tribunal Suprem en exoneraci\u00f3 de passiu insatisfet de persones f\u00edsiques: cr\u00e8dit p\u00fablic, relaci\u00f3 de deutes i derivaci\u00f3 de responsabilitat com a causa de no exoneraci\u00f3"},"content":{"rendered":"<p><strong>El 18 de febrer del 2026, el Tribunal Suprem va dictar una bateria de Sent\u00e8ncies especialment rellevants per a totes aquelles persones f\u00edsiques que estan valorant acollir-se al mecanisme de Segona Oportunitat.<\/strong><\/p>\n<p>Aquestes sent\u00e8ncies aclareixen, per primera vegada i de manera detallada, quins deutes amb les Administracions p\u00fabliques poden cancel\u00b7lar-se i quins no, aix\u00ed com defineix millor una de les causes establertes a la llei que impedien obtenir aquesta exoneraci\u00f3 (la derivaci\u00f3 de responsabilitat), aportant aix\u00ed estabilitat i seguretat jur\u00eddica en un<br \/>\nterreny que fins ara havia generat molta confusi\u00f3.<\/p>\n<p>Des de la reforma de la Llei 16\/2022, la confusi\u00f3 i inseguretat jur\u00eddica de tots els agents del concurs de persona f\u00edsica (deutors, creditors, lletrats, etc) ha estat m\u00e0xima, ja que depenent del Jutge Mercantil que vei\u00e9s el teu cas, podia entendre que l&#8217;exoneraci\u00f3 de cr\u00e8dit p\u00fablic es limitava a un m\u00e0xim de 10.000 \u20ac nom\u00e9s aplicables a <a href=\"https:\/\/sede.agenciatributaria.gob.es\/\">AEAT<\/a> i la <a href=\"https:\/\/www.seg-social.es\/wps\/portal\/wss\/internet\/Inicio\">TGSS,<\/a> o que tamb\u00e9 s&#8217;ampliava tot tipus d&#8217;Administracions P\u00fabliques o, fins i tot, en els casos m\u00e9s extrems, que no es podia aplicar cap l\u00edmit, i que tot era exonerable per no estar convenientment justificada la limitaci\u00f3 per part del legislador, entenent que contravenia la directiva europea.<\/p>\n<p>Doncs b\u00e9, el <strong>Tribunal Suprem<\/strong> conclou ara aquesta incertesa establint criteris clars a partir d&#8217;aquest moment.<\/p>\n<p>En primer lloc, l&#8217;Alt Tribunal confirma que el sistema espanyol \u2013que limita la quantitat de deute p\u00fablic que pot perdonar-se \u2013\u00e9s compatible amb la normativa europea. El Tribunal de Just\u00edcia de la Uni\u00f3 Europea ja havia indicat que cada pa\u00eds pot decidir quins deutes considera\u00a0exonerables\u00a0sempre que existeixin raons de pes, i el Suprem ent\u00e9n<br \/>\nque a Espanya aquestes raons existeixen: els ingressos p\u00fablics sostenen serveis essencials com a sanitat, educaci\u00f3 i pensions, i la seva protecci\u00f3 \u00e9s una q\u00fcesti\u00f3 estructural.<\/p>\n<p><strong>Ara b\u00e9, el Tribunal ha introdu\u00eft, o millor dit ha interpretat, dues q\u00fcestions de m\u00e0xima rellev\u00e0ncia:<\/strong><\/p>\n<p>1. <strong>Totes les Administracions P\u00fabliques<\/strong> \u2013no sols l&#8217;Ag\u00e8ncia Tribut\u00e0ria i la Seguretat Social com assenyala el literal de la norma\u2013 poden veure els seus cr\u00e8dits afectats per l&#8217;exoneraci\u00f3, total o parcial segons la naturalesa. \u00c9s a dir, ajuntaments, comunitats aut\u00f2nomes, diputacions i qualsevol ens p\u00fablic hi estan inclosos.<\/p>\n<p>2. <strong>Els anomenats cr\u00e8dits p\u00fablics subordinats<\/strong> \u2014com rec\u00e0rrecs per retard, interessos de demora o sancions\u2014 s\u00ed que es poden exonerar per complet, no computant en el l\u00edmit m\u00e0xim de 10.000 \u20ac.<\/p>\n<p>Per tant, els deutes p\u00fablics considerats ordinaris o privilegiats de qualsevol administraci\u00f3 p\u00fablica no poden ser objecte d&#8217;exoneraci\u00f3 total, sin\u00f3 que l&#8217;eventual exoneraci\u00f3 estar\u00e0 limitada a un m\u00e0xim de 10.000 euros, segons els trams establerts per la llei.<\/p>\n<p>Finalment, el Tribunal Suprem tamb\u00e9 ha aprofitat per establir un <em>criteri obiter dicta<\/em> (perqu\u00e8 no era objecte del recurs) respecte el deute que ser\u00e0 objecte d&#8217;exoneraci\u00f3. Aix\u00ed, veta les resolucions gen\u00e8riques i exigeix \u200b\u200bque es detalli pel sol\u00b7licitant de manera clara i completa quins deutes vol que se li exonerin. D&#8217;aquesta manera es volen evitar errors, omissions i posteriors litigis, ja que els jutges hauran d&#8217;especificar a la resoluci\u00f3 final quins deutes queden exonerats i quins no.<\/p>\n<p>\u00c9s cert que aquesta precisi\u00f3 en el llistat pot suposar, tant per al deutor com per al creditor, una transpar\u00e8ncia m\u00e9s gran, que eviti confusions en procediments en marxa o fins i tot en reclamacions posteriors. Ara b\u00e9, no podem oblidar que de vegades trobem dificultats per obtenir informaci\u00f3 de la quantia exacta del deute (tant per part del deutor com del creditor), aix\u00ed com que cr\u00e8dits com els d&#8217;interessos i costes judicials de vegades no estan determinats, perqu\u00e8 estan pendents de liquidaci\u00f3 final. Potser seria suficient la identificaci\u00f3 dels cr\u00e8dits, quant a n\u00fameros de pr\u00e9stec, concepte i altres, resultant objecte d&#8217;exoneraci\u00f3 tot import que del mateix es report\u00e9s (ja fos principal o<br \/>\naccessori). Veurem l&#8217;aplicaci\u00f3 que realitzen els Jutges Mercantils d&#8217;aquesta exig\u00e8ncia acordada pel Tribunal Suprem.<\/p>\n<p>Aix\u00ed mateix, com ja avan\u00e7\u00e0vem anteriorment les sent\u00e8ncies 259\/2026, 261\/2026, 262\/2026 i 263\/2026, de la mateixa data 18 de febrer, senten criteri clar i definit de qu\u00e8 haver estat objecte (i no haver pagat) una derivaci\u00f3 de responsabilitat en els \u00faltims anys no comporta de manera autom\u00e0tica la p\u00e8rdua del dret a l&#8217;exoneraci\u00f3 per part del deutor. Per a aix\u00f2, l&#8217;acord de derivaci\u00f3 de responsabilitat haur\u00e0 d&#8217;acreditar una conducta fraudulenta del deutor que sigui similar a una infracci\u00f3 molt greu, \u00e9s a dir, que es tracti de conducta negligent o fraudulenta.<\/p>\n<p>En definitiva, el <strong>Tribunal Suprem<\/strong> posa ordre, aporta claredat i defineix regles del joc m\u00e9s previsibles quant als cr\u00e8dits objecte d&#8217;exoneraci\u00f3; sense perjudici que la Llei Concursal i la seva aplicaci\u00f3 sempre est\u00e0 subjecta a constant evoluci\u00f3 en els seus criteris.<\/p>\n<p>L&#8217;\u00e0rea de dret concursal de <strong>Marroqu\u00edn Advocats<\/strong> compta amb especialistes en reestructuracions i insolv\u00e8ncies que et poden assessorar-te en relaci\u00f3 al mecanisme de <strong>Segona Oportunitat<\/strong>.<\/p>\n","protected":false},"excerpt":{"rendered":"<p>El 18 de febrer del 2026, el Tribunal Suprem va  &#8230;<\/p>\n","protected":false},"author":4,"featured_media":5047,"comment_status":"closed","ping_status":"open","sticky":false,"template":"","format":"standard","meta":{"content-type":"","footnotes":""},"categories":[435,431,432,433,421,434],"tags":[422,425,423,453,424,448],"class_list":["post-5048","post","type-post","status-publish","format-standard","has-post-thumbnail","hentry","category-actualitat-juridica","category-advocats-barcelona","category-advocats-marroquin","category-despatx-advocats-marroquin","category-noticies","category-serveis-legals-barcelona","tag-advocats","tag-advocats-barcelona","tag-dret","tag-dret-concursal","tag-marroquin-abogados","tag-marroquin-advocats"],"yoast_head":"<!-- This site is optimized with the Yoast SEO plugin v27.1.1 - https:\/\/yoast.com\/product\/yoast-seo-wordpress\/ -->\n<title>Novetats jurisprudencials en dret concursal<\/title>\n<meta name=\"description\" content=\"Marroqu\u00edn Abogados, despatx d&#039;advocats generalista i multidisciplinar, analitzales novetats jurisprudencials en dret concursal\" \/>\n<meta name=\"robots\" content=\"index, follow, max-snippet:-1, max-image-preview:large, max-video-preview:-1\" \/>\n<link rel=\"canonical\" href=\"https:\/\/marroquinabogados.com\/ca\/nous-criteris-del-tribunal-suprem-en-exoneracio-de-passiu-insatisfet-de-persones-fisiques-credit-public-relacio-de-deutes-i-derivacio-de-responsabilitat-com-a-causa-de-no-exoneracio\/\" \/>\n<meta property=\"og:locale\" content=\"ca_ES\" \/>\n<meta property=\"og:type\" content=\"article\" \/>\n<meta property=\"og:title\" content=\"Novetats jurisprudencials en dret concursal\" \/>\n<meta property=\"og:description\" content=\"Marroqu\u00edn Abogados, despatx d&#039;advocats generalista i multidisciplinar, analitzales novetats jurisprudencials en dret concursal\" \/>\n<meta property=\"og:url\" content=\"https:\/\/marroquinabogados.com\/ca\/nous-criteris-del-tribunal-suprem-en-exoneracio-de-passiu-insatisfet-de-persones-fisiques-credit-public-relacio-de-deutes-i-derivacio-de-responsabilitat-com-a-causa-de-no-exoneracio\/\" \/>\n<meta property=\"og:site_name\" content=\"Marroquin Abogados\" \/>\n<meta property=\"article:published_time\" content=\"2026-03-09T13:17:01+00:00\" \/>\n<meta property=\"article:modified_time\" content=\"2026-03-09T19:14:03+00:00\" \/>\n<meta property=\"og:image\" content=\"https:\/\/marroquinabogados.com\/wp-content\/uploads\/2026\/01\/wooden-gavel-books-wooden-table-scaled-e1773062823294.jpg\" \/>\n\t<meta property=\"og:image:width\" content=\"955\" \/>\n\t<meta property=\"og:image:height\" content=\"571\" \/>\n\t<meta property=\"og:image:type\" content=\"image\/jpeg\" \/>\n<meta name=\"author\" content=\"Marroquin_Abogados _Editor\" \/>\n<meta name=\"twitter:card\" content=\"summary_large_image\" \/>\n<meta name=\"twitter:label1\" content=\"Escrit per\" \/>\n\t<meta name=\"twitter:data1\" content=\"Marroquin_Abogados _Editor\" \/>\n\t<meta name=\"twitter:label2\" content=\"Temps estimat de lectura\" \/>\n\t<meta name=\"twitter:data2\" content=\"4 minuts\" \/>\n<script type=\"application\/ld+json\" class=\"yoast-schema-graph\">{\"@context\":\"https:\/\/schema.org\",\"@graph\":[{\"@type\":\"Article\",\"@id\":\"https:\/\/marroquinabogados.com\/ca\/nous-criteris-del-tribunal-suprem-en-exoneracio-de-passiu-insatisfet-de-persones-fisiques-credit-public-relacio-de-deutes-i-derivacio-de-responsabilitat-com-a-causa-de-no-exoneracio\/#article\",\"isPartOf\":{\"@id\":\"https:\/\/marroquinabogados.com\/ca\/nous-criteris-del-tribunal-suprem-en-exoneracio-de-passiu-insatisfet-de-persones-fisiques-credit-public-relacio-de-deutes-i-derivacio-de-responsabilitat-com-a-causa-de-no-exoneracio\/\"},\"author\":{\"name\":\"Marroquin_Abogados _Editor\",\"@id\":\"http:\/\/marroquinabogados.com\/#\/schema\/person\/2fd99903efde1e1a38f9e273537180c9\"},\"headline\":\"Nous criteris del Tribunal Suprem en exoneraci\u00f3 de passiu insatisfet de persones f\u00edsiques: cr\u00e8dit p\u00fablic, relaci\u00f3 de deutes i derivaci\u00f3 de responsabilitat com a causa de no exoneraci\u00f3\",\"datePublished\":\"2026-03-09T13:17:01+00:00\",\"dateModified\":\"2026-03-09T19:14:03+00:00\",\"mainEntityOfPage\":{\"@id\":\"https:\/\/marroquinabogados.com\/ca\/nous-criteris-del-tribunal-suprem-en-exoneracio-de-passiu-insatisfet-de-persones-fisiques-credit-public-relacio-de-deutes-i-derivacio-de-responsabilitat-com-a-causa-de-no-exoneracio\/\"},\"wordCount\":886,\"image\":{\"@id\":\"https:\/\/marroquinabogados.com\/ca\/nous-criteris-del-tribunal-suprem-en-exoneracio-de-passiu-insatisfet-de-persones-fisiques-credit-public-relacio-de-deutes-i-derivacio-de-responsabilitat-com-a-causa-de-no-exoneracio\/#primaryimage\"},\"thumbnailUrl\":\"https:\/\/marroquinabogados.com\/wp-content\/uploads\/2026\/01\/wooden-gavel-books-wooden-table-scaled-e1773062823294.jpg\",\"keywords\":[\"Advocats\",\"advocats barcelona\",\"Dret\",\"dret concursal\",\"Marroqu\u00edn Abogados\",\"Marroqu\u00edn Advocats\"],\"articleSection\":[\"Actualitat jur\u00eddica\",\"Advocats Barcelona\",\"Advocats marroqu\u00edn\",\"Despatx advocats Marroqu\u00edn\",\"Not\u00edcies\",\"Serveis Legals Barcelona\"],\"inLanguage\":\"ca\"},{\"@type\":\"WebPage\",\"@id\":\"https:\/\/marroquinabogados.com\/ca\/nous-criteris-del-tribunal-suprem-en-exoneracio-de-passiu-insatisfet-de-persones-fisiques-credit-public-relacio-de-deutes-i-derivacio-de-responsabilitat-com-a-causa-de-no-exoneracio\/\",\"url\":\"https:\/\/marroquinabogados.com\/ca\/nous-criteris-del-tribunal-suprem-en-exoneracio-de-passiu-insatisfet-de-persones-fisiques-credit-public-relacio-de-deutes-i-derivacio-de-responsabilitat-com-a-causa-de-no-exoneracio\/\",\"name\":\"Novetats jurisprudencials en dret concursal\",\"isPartOf\":{\"@id\":\"http:\/\/marroquinabogados.com\/#website\"},\"primaryImageOfPage\":{\"@id\":\"https:\/\/marroquinabogados.com\/ca\/nous-criteris-del-tribunal-suprem-en-exoneracio-de-passiu-insatisfet-de-persones-fisiques-credit-public-relacio-de-deutes-i-derivacio-de-responsabilitat-com-a-causa-de-no-exoneracio\/#primaryimage\"},\"image\":{\"@id\":\"https:\/\/marroquinabogados.com\/ca\/nous-criteris-del-tribunal-suprem-en-exoneracio-de-passiu-insatisfet-de-persones-fisiques-credit-public-relacio-de-deutes-i-derivacio-de-responsabilitat-com-a-causa-de-no-exoneracio\/#primaryimage\"},\"thumbnailUrl\":\"https:\/\/marroquinabogados.com\/wp-content\/uploads\/2026\/01\/wooden-gavel-books-wooden-table-scaled-e1773062823294.jpg\",\"datePublished\":\"2026-03-09T13:17:01+00:00\",\"dateModified\":\"2026-03-09T19:14:03+00:00\",\"author\":{\"@id\":\"http:\/\/marroquinabogados.com\/#\/schema\/person\/2fd99903efde1e1a38f9e273537180c9\"},\"description\":\"Marroqu\u00edn Abogados, despatx d'advocats generalista i multidisciplinar, analitzales novetats jurisprudencials en dret concursal\",\"breadcrumb\":{\"@id\":\"https:\/\/marroquinabogados.com\/ca\/nous-criteris-del-tribunal-suprem-en-exoneracio-de-passiu-insatisfet-de-persones-fisiques-credit-public-relacio-de-deutes-i-derivacio-de-responsabilitat-com-a-causa-de-no-exoneracio\/#breadcrumb\"},\"inLanguage\":\"ca\",\"potentialAction\":[{\"@type\":\"ReadAction\",\"target\":[\"https:\/\/marroquinabogados.com\/ca\/nous-criteris-del-tribunal-suprem-en-exoneracio-de-passiu-insatisfet-de-persones-fisiques-credit-public-relacio-de-deutes-i-derivacio-de-responsabilitat-com-a-causa-de-no-exoneracio\/\"]}]},{\"@type\":\"ImageObject\",\"inLanguage\":\"ca\",\"@id\":\"https:\/\/marroquinabogados.com\/ca\/nous-criteris-del-tribunal-suprem-en-exoneracio-de-passiu-insatisfet-de-persones-fisiques-credit-public-relacio-de-deutes-i-derivacio-de-responsabilitat-com-a-causa-de-no-exoneracio\/#primaryimage\",\"url\":\"https:\/\/marroquinabogados.com\/wp-content\/uploads\/2026\/01\/wooden-gavel-books-wooden-table-scaled-e1773062823294.jpg\",\"contentUrl\":\"https:\/\/marroquinabogados.com\/wp-content\/uploads\/2026\/01\/wooden-gavel-books-wooden-table-scaled-e1773062823294.jpg\",\"width\":955,\"height\":571,\"caption\":\"Novedades jurisprudenciales en derecho concursal\"},{\"@type\":\"BreadcrumbList\",\"@id\":\"https:\/\/marroquinabogados.com\/ca\/nous-criteris-del-tribunal-suprem-en-exoneracio-de-passiu-insatisfet-de-persones-fisiques-credit-public-relacio-de-deutes-i-derivacio-de-responsabilitat-com-a-causa-de-no-exoneracio\/#breadcrumb\",\"itemListElement\":[{\"@type\":\"ListItem\",\"position\":1,\"name\":\"Portada\",\"item\":\"https:\/\/marroquinabogados.com\/ca\/\"},{\"@type\":\"ListItem\",\"position\":2,\"name\":\"Nous criteris del Tribunal Suprem en exoneraci\u00f3 de passiu insatisfet de persones f\u00edsiques: cr\u00e8dit p\u00fablic, relaci\u00f3 de deutes i derivaci\u00f3 de responsabilitat com a causa de no exoneraci\u00f3\"}]},{\"@type\":\"WebSite\",\"@id\":\"http:\/\/marroquinabogados.com\/#website\",\"url\":\"http:\/\/marroquinabogados.com\/\",\"name\":\"Marroquin Abogados\",\"description\":\"\",\"potentialAction\":[{\"@type\":\"SearchAction\",\"target\":{\"@type\":\"EntryPoint\",\"urlTemplate\":\"http:\/\/marroquinabogados.com\/?s={search_term_string}\"},\"query-input\":{\"@type\":\"PropertyValueSpecification\",\"valueRequired\":true,\"valueName\":\"search_term_string\"}}],\"inLanguage\":\"ca\"},{\"@type\":\"Person\",\"@id\":\"http:\/\/marroquinabogados.com\/#\/schema\/person\/2fd99903efde1e1a38f9e273537180c9\",\"name\":\"Marroquin_Abogados _Editor\",\"image\":{\"@type\":\"ImageObject\",\"inLanguage\":\"ca\",\"@id\":\"http:\/\/marroquinabogados.com\/#\/schema\/person\/image\/\",\"url\":\"https:\/\/secure.gravatar.com\/avatar\/28601ffd4b64fedf0716276c4996789f6dc26b6e1c0ce19dca1a4226964b1e8e?s=96&d=mm&r=g\",\"contentUrl\":\"https:\/\/secure.gravatar.com\/avatar\/28601ffd4b64fedf0716276c4996789f6dc26b6e1c0ce19dca1a4226964b1e8e?s=96&d=mm&r=g\",\"caption\":\"Marroquin_Abogados _Editor\"},\"url\":\"https:\/\/marroquinabogados.com\/ca\/author\/marroquin_abogados-_editor\/\"}]}<\/script>\n<!-- \/ Yoast SEO plugin. -->","yoast_head_json":{"title":"Novetats jurisprudencials en dret concursal","description":"Marroqu\u00edn Abogados, despatx d'advocats generalista i multidisciplinar, analitzales novetats jurisprudencials en dret concursal","robots":{"index":"index","follow":"follow","max-snippet":"max-snippet:-1","max-image-preview":"max-image-preview:large","max-video-preview":"max-video-preview:-1"},"canonical":"https:\/\/marroquinabogados.com\/ca\/nous-criteris-del-tribunal-suprem-en-exoneracio-de-passiu-insatisfet-de-persones-fisiques-credit-public-relacio-de-deutes-i-derivacio-de-responsabilitat-com-a-causa-de-no-exoneracio\/","og_locale":"ca_ES","og_type":"article","og_title":"Novetats jurisprudencials en dret concursal","og_description":"Marroqu\u00edn Abogados, despatx d'advocats generalista i multidisciplinar, analitzales novetats jurisprudencials en dret concursal","og_url":"https:\/\/marroquinabogados.com\/ca\/nous-criteris-del-tribunal-suprem-en-exoneracio-de-passiu-insatisfet-de-persones-fisiques-credit-public-relacio-de-deutes-i-derivacio-de-responsabilitat-com-a-causa-de-no-exoneracio\/","og_site_name":"Marroquin Abogados","article_published_time":"2026-03-09T13:17:01+00:00","article_modified_time":"2026-03-09T19:14:03+00:00","og_image":[{"width":955,"height":571,"url":"https:\/\/marroquinabogados.com\/wp-content\/uploads\/2026\/01\/wooden-gavel-books-wooden-table-scaled-e1773062823294.jpg","type":"image\/jpeg"}],"author":"Marroquin_Abogados _Editor","twitter_card":"summary_large_image","twitter_misc":{"Escrit per":"Marroquin_Abogados _Editor","Temps estimat de lectura":"4 minuts"},"schema":{"@context":"https:\/\/schema.org","@graph":[{"@type":"Article","@id":"https:\/\/marroquinabogados.com\/ca\/nous-criteris-del-tribunal-suprem-en-exoneracio-de-passiu-insatisfet-de-persones-fisiques-credit-public-relacio-de-deutes-i-derivacio-de-responsabilitat-com-a-causa-de-no-exoneracio\/#article","isPartOf":{"@id":"https:\/\/marroquinabogados.com\/ca\/nous-criteris-del-tribunal-suprem-en-exoneracio-de-passiu-insatisfet-de-persones-fisiques-credit-public-relacio-de-deutes-i-derivacio-de-responsabilitat-com-a-causa-de-no-exoneracio\/"},"author":{"name":"Marroquin_Abogados _Editor","@id":"http:\/\/marroquinabogados.com\/#\/schema\/person\/2fd99903efde1e1a38f9e273537180c9"},"headline":"Nous criteris del Tribunal Suprem en exoneraci\u00f3 de passiu insatisfet de persones f\u00edsiques: cr\u00e8dit p\u00fablic, relaci\u00f3 de deutes i derivaci\u00f3 de responsabilitat com a causa de no exoneraci\u00f3","datePublished":"2026-03-09T13:17:01+00:00","dateModified":"2026-03-09T19:14:03+00:00","mainEntityOfPage":{"@id":"https:\/\/marroquinabogados.com\/ca\/nous-criteris-del-tribunal-suprem-en-exoneracio-de-passiu-insatisfet-de-persones-fisiques-credit-public-relacio-de-deutes-i-derivacio-de-responsabilitat-com-a-causa-de-no-exoneracio\/"},"wordCount":886,"image":{"@id":"https:\/\/marroquinabogados.com\/ca\/nous-criteris-del-tribunal-suprem-en-exoneracio-de-passiu-insatisfet-de-persones-fisiques-credit-public-relacio-de-deutes-i-derivacio-de-responsabilitat-com-a-causa-de-no-exoneracio\/#primaryimage"},"thumbnailUrl":"https:\/\/marroquinabogados.com\/wp-content\/uploads\/2026\/01\/wooden-gavel-books-wooden-table-scaled-e1773062823294.jpg","keywords":["Advocats","advocats barcelona","Dret","dret concursal","Marroqu\u00edn Abogados","Marroqu\u00edn Advocats"],"articleSection":["Actualitat jur\u00eddica","Advocats Barcelona","Advocats marroqu\u00edn","Despatx advocats Marroqu\u00edn","Not\u00edcies","Serveis Legals Barcelona"],"inLanguage":"ca"},{"@type":"WebPage","@id":"https:\/\/marroquinabogados.com\/ca\/nous-criteris-del-tribunal-suprem-en-exoneracio-de-passiu-insatisfet-de-persones-fisiques-credit-public-relacio-de-deutes-i-derivacio-de-responsabilitat-com-a-causa-de-no-exoneracio\/","url":"https:\/\/marroquinabogados.com\/ca\/nous-criteris-del-tribunal-suprem-en-exoneracio-de-passiu-insatisfet-de-persones-fisiques-credit-public-relacio-de-deutes-i-derivacio-de-responsabilitat-com-a-causa-de-no-exoneracio\/","name":"Novetats jurisprudencials en dret concursal","isPartOf":{"@id":"http:\/\/marroquinabogados.com\/#website"},"primaryImageOfPage":{"@id":"https:\/\/marroquinabogados.com\/ca\/nous-criteris-del-tribunal-suprem-en-exoneracio-de-passiu-insatisfet-de-persones-fisiques-credit-public-relacio-de-deutes-i-derivacio-de-responsabilitat-com-a-causa-de-no-exoneracio\/#primaryimage"},"image":{"@id":"https:\/\/marroquinabogados.com\/ca\/nous-criteris-del-tribunal-suprem-en-exoneracio-de-passiu-insatisfet-de-persones-fisiques-credit-public-relacio-de-deutes-i-derivacio-de-responsabilitat-com-a-causa-de-no-exoneracio\/#primaryimage"},"thumbnailUrl":"https:\/\/marroquinabogados.com\/wp-content\/uploads\/2026\/01\/wooden-gavel-books-wooden-table-scaled-e1773062823294.jpg","datePublished":"2026-03-09T13:17:01+00:00","dateModified":"2026-03-09T19:14:03+00:00","author":{"@id":"http:\/\/marroquinabogados.com\/#\/schema\/person\/2fd99903efde1e1a38f9e273537180c9"},"description":"Marroqu\u00edn Abogados, despatx d'advocats generalista i multidisciplinar, analitzales novetats jurisprudencials en dret concursal","breadcrumb":{"@id":"https:\/\/marroquinabogados.com\/ca\/nous-criteris-del-tribunal-suprem-en-exoneracio-de-passiu-insatisfet-de-persones-fisiques-credit-public-relacio-de-deutes-i-derivacio-de-responsabilitat-com-a-causa-de-no-exoneracio\/#breadcrumb"},"inLanguage":"ca","potentialAction":[{"@type":"ReadAction","target":["https:\/\/marroquinabogados.com\/ca\/nous-criteris-del-tribunal-suprem-en-exoneracio-de-passiu-insatisfet-de-persones-fisiques-credit-public-relacio-de-deutes-i-derivacio-de-responsabilitat-com-a-causa-de-no-exoneracio\/"]}]},{"@type":"ImageObject","inLanguage":"ca","@id":"https:\/\/marroquinabogados.com\/ca\/nous-criteris-del-tribunal-suprem-en-exoneracio-de-passiu-insatisfet-de-persones-fisiques-credit-public-relacio-de-deutes-i-derivacio-de-responsabilitat-com-a-causa-de-no-exoneracio\/#primaryimage","url":"https:\/\/marroquinabogados.com\/wp-content\/uploads\/2026\/01\/wooden-gavel-books-wooden-table-scaled-e1773062823294.jpg","contentUrl":"https:\/\/marroquinabogados.com\/wp-content\/uploads\/2026\/01\/wooden-gavel-books-wooden-table-scaled-e1773062823294.jpg","width":955,"height":571,"caption":"Novedades jurisprudenciales en derecho concursal"},{"@type":"BreadcrumbList","@id":"https:\/\/marroquinabogados.com\/ca\/nous-criteris-del-tribunal-suprem-en-exoneracio-de-passiu-insatisfet-de-persones-fisiques-credit-public-relacio-de-deutes-i-derivacio-de-responsabilitat-com-a-causa-de-no-exoneracio\/#breadcrumb","itemListElement":[{"@type":"ListItem","position":1,"name":"Portada","item":"https:\/\/marroquinabogados.com\/ca\/"},{"@type":"ListItem","position":2,"name":"Nous criteris del Tribunal Suprem en exoneraci\u00f3 de passiu insatisfet de persones f\u00edsiques: cr\u00e8dit p\u00fablic, relaci\u00f3 de deutes i derivaci\u00f3 de responsabilitat com a causa de no exoneraci\u00f3"}]},{"@type":"WebSite","@id":"http:\/\/marroquinabogados.com\/#website","url":"http:\/\/marroquinabogados.com\/","name":"Marroquin Abogados","description":"","potentialAction":[{"@type":"SearchAction","target":{"@type":"EntryPoint","urlTemplate":"http:\/\/marroquinabogados.com\/?s={search_term_string}"},"query-input":{"@type":"PropertyValueSpecification","valueRequired":true,"valueName":"search_term_string"}}],"inLanguage":"ca"},{"@type":"Person","@id":"http:\/\/marroquinabogados.com\/#\/schema\/person\/2fd99903efde1e1a38f9e273537180c9","name":"Marroquin_Abogados _Editor","image":{"@type":"ImageObject","inLanguage":"ca","@id":"http:\/\/marroquinabogados.com\/#\/schema\/person\/image\/","url":"https:\/\/secure.gravatar.com\/avatar\/28601ffd4b64fedf0716276c4996789f6dc26b6e1c0ce19dca1a4226964b1e8e?s=96&d=mm&r=g","contentUrl":"https:\/\/secure.gravatar.com\/avatar\/28601ffd4b64fedf0716276c4996789f6dc26b6e1c0ce19dca1a4226964b1e8e?s=96&d=mm&r=g","caption":"Marroquin_Abogados _Editor"},"url":"https:\/\/marroquinabogados.com\/ca\/author\/marroquin_abogados-_editor\/"}]}},"_links":{"self":[{"href":"https:\/\/marroquinabogados.com\/ca\/wp-json\/wp\/v2\/posts\/5048","targetHints":{"allow":["GET"]}}],"collection":[{"href":"https:\/\/marroquinabogados.com\/ca\/wp-json\/wp\/v2\/posts"}],"about":[{"href":"https:\/\/marroquinabogados.com\/ca\/wp-json\/wp\/v2\/types\/post"}],"author":[{"embeddable":true,"href":"https:\/\/marroquinabogados.com\/ca\/wp-json\/wp\/v2\/users\/4"}],"replies":[{"embeddable":true,"href":"https:\/\/marroquinabogados.com\/ca\/wp-json\/wp\/v2\/comments?post=5048"}],"version-history":[{"count":4,"href":"https:\/\/marroquinabogados.com\/ca\/wp-json\/wp\/v2\/posts\/5048\/revisions"}],"predecessor-version":[{"id":5059,"href":"https:\/\/marroquinabogados.com\/ca\/wp-json\/wp\/v2\/posts\/5048\/revisions\/5059"}],"wp:featuredmedia":[{"embeddable":true,"href":"https:\/\/marroquinabogados.com\/ca\/wp-json\/wp\/v2\/media\/5047"}],"wp:attachment":[{"href":"https:\/\/marroquinabogados.com\/ca\/wp-json\/wp\/v2\/media?parent=5048"}],"wp:term":[{"taxonomy":"category","embeddable":true,"href":"https:\/\/marroquinabogados.com\/ca\/wp-json\/wp\/v2\/categories?post=5048"},{"taxonomy":"post_tag","embeddable":true,"href":"https:\/\/marroquinabogados.com\/ca\/wp-json\/wp\/v2\/tags?post=5048"}],"curies":[{"name":"wp","href":"https:\/\/api.w.org\/{rel}","templated":true}]}}